{"id":749,"date":"2022-01-28T11:16:04","date_gmt":"2022-01-28T10:16:04","guid":{"rendered":"https:\/\/www.remedical.it\/?p=749"},"modified":"2024-05-20T11:40:01","modified_gmt":"2024-05-20T09:40:01","slug":"e-se-mi-devo-operare-per-una-patologia-al-seno","status":"publish","type":"post","link":"https:\/\/www.remedical.it\/poliambulatorio\/2022\/01\/28\/e-se-mi-devo-operare-per-una-patologia-al-seno\/","title":{"rendered":"E se mi devo operare per una patologia al seno?"},"content":{"rendered":"\r\n<p class=\"wp-block-paragraph\"><strong>Informazioni su percorsi di trattamento chirurgico e cura<\/strong><\/p>\r\n\r\n\r\n<p class=\"wp-block-paragraph\">Nella maggioranza dei casi, le indagini diagnostiche effettuate (dalla mammografia di screening agli accertamenti successivi) permettono di accertare la presenza di una eventuale tumore al seno, anche quando \u00e8 ancora di dimensioni ridotte e non apprezzabile alla palpazione.<\/p>\r\n\r\n\r\n<p class=\"wp-block-paragraph\">Il percorso successivo alla diagnosi sar\u00e0 concordato tra la paziente ed i medici del nostro centro che seguiranno e sosterranno il suo cammino e le varie scelte terapeutiche. In molti casi \u00e8 previsto un incontro con i diversi specialisti coinvolti (visita multidisciplinare) e in quella sede si stabilisce la definizione di un piano assistenziale individuale, cio\u00e8 l\u2019insieme di esami diagnostici di approfondimento per escludere qualsiasi diffusione della malattia ad altre sedi del corpo e decidere la terapia medica e\/o chirurgica e\/o radiante e di sostegno psicologico nella migliore combinazione e sequenza.<\/p>\r\n\r\n\r\n<p class=\"wp-block-paragraph\">Gli esami di approfondimento (stadiazione) hanno lo scopo di mostrare la localizzazione del tumore, se si \u00e8 diffuso ad altri organi e quanto modifichi le funzioni di questi organi eventualmente coinvolti.<\/p>\r\n\r\n\r\n<p class=\"wp-block-paragraph\">Sono esami del sangue, emocromo, fosfatasi alcalina, indici di funzionalit\u00e0 epatica, marcatori tumorali, la radiografia del torace, l\u2019ecografia del fegato, la scintigrafia ossea.<\/p>\r\n\r\n\r\n<p class=\"wp-block-paragraph\">La maggior parte dei tumori individuati grazie alla diagnosi precoce possono essere curati.<\/p>\r\n\r\n\r\n<p class=\"wp-block-paragraph\"><strong>Quale chirurgia?<\/strong><\/p>\r\n\r\n\r\n<p class=\"wp-block-paragraph\">L\u2019intervento chirurgico conservativo (quadrantectomia), nei tumori in stadio iniziale ed al di sotto dei 2 cm, \u00e8 efficace per controllare la malattia quanto un intervento di asportazione totale della mammella( mastectomia).<\/p>\r\n\r\n\r\n<p class=\"wp-block-paragraph\">Durante l\u2019intervento chirurgico di quadrantectomia, il chirurgo asporta anche le ghiandole linfatiche ( linfadenectomia) dell\u2019ascella per sapere con certezza, con un esame istologico, se qualche cellula tumorale \u00e8 arrivata a questi linfonodi.<\/p>\r\n\r\n\r\n<p class=\"wp-block-paragraph\">Fino a qualche tempo fa le ghiandole ascellari venivano tolte sempre e completamente in tutti i casi. Da qualche anno invece, se il tumore non supera i 3 cm e se non si palpano linfonodi ascellari aumentati di volume e consistenza, \u00e8 possibile togliere solo un linfonodo: il cosiddetto linfonodo sentinella, chiamato cos\u00ec in quanto \u00e8 il primo linfonodo dove eventualmente si localizzano eventuali cellule tumorali.<\/p>\r\n\r\n\r\n<p class=\"wp-block-paragraph\">Questa tecnica ha il grande vantaggio di evitare nei 2\/3 dei casi la asportazione di tutti i linfonodi con le possibili complicanza correlate.<\/p>\r\n\r\n\r\n<p class=\"wp-block-paragraph\">Nei pochi casi in cui la localizzazione e la dimensione del tumore non permettono un intervento conservativo si esegue una ricostruzione della mammella asportata durante lo stesso intervento chirurgico (chirurgia ricostruttiva)<\/p>\r\n\r\n\r\n<p class=\"wp-block-paragraph\">Tutto ci\u00f2 \u00e8 stato possibile grazie ad una prevenzione senologica mediante ecografia mammaria, mammografia e visita senologica che hanno permesso una diagnosi sempre pi\u00f9 precoce e interventi curativi anche nella patologia oncologica.<\/p>\r\n\r\n\r\n<p class=\"wp-block-paragraph\">&nbsp;<\/p>\r\n\r\n\r\n<div class=\"wp-block-buttons is-layout-flex wp-block-buttons-is-layout-flex\">\r\n<div class=\"wp-block-button\"><a class=\"wp-block-button__link\" href=\"https:\/\/www.remedical.it\/senologia-e-mammografia\/\">Senologia e Mammografia<\/a><\/div>\r\n<\/div>\r\n","protected":false},"excerpt":{"rendered":"<p>Informazioni su percorsi di trattamento chirurgico e cura Nella maggioranza dei casi, le indagini diagnostiche effettuate (dalla mammografia di screening<span class=\"excerpt-hellip\"> [\u2026]<\/span><\/p>\n","protected":false},"author":1,"featured_media":750,"comment_status":"closed","ping_status":"open","sticky":false,"template":"","format":"image","meta":{"_glsr_average":0,"_glsr_ranking":0,"_glsr_reviews":0,"footnotes":""},"categories":[20],"tags":[],"class_list":["post-749","post","type-post","status-publish","format-image","has-post-thumbnail","hentry","category-senologia","post_format-post-format-image"],"yoast_head":"<!-- This site is optimized with the Yoast SEO plugin v28.3 - https:\/\/yoast.com\/product\/yoast-seo-wordpress\/ -->\n<title>E se mi devo operare per una patologia al seno? - Poliambulatorio Remedical<\/title>\n<meta name=\"robots\" content=\"index, follow, max-snippet:-1, max-image-preview:large, max-video-preview:-1\" \/>\n<link rel=\"canonical\" href=\"https:\/\/www.remedical.it\/poliambulatorio\/2022\/01\/28\/e-se-mi-devo-operare-per-una-patologia-al-seno\/\" \/>\n<meta property=\"og:locale\" content=\"it_IT\" \/>\n<meta property=\"og:type\" content=\"article\" \/>\n<meta property=\"og:title\" content=\"E se mi devo operare per una patologia al seno? - Poliambulatorio Remedical\" \/>\n<meta property=\"og:description\" content=\"Informazioni su percorsi di trattamento chirurgico e cura Nella maggioranza dei casi, le indagini diagnostiche effettuate (dalla mammografia di screening [\u2026]\" \/>\n<meta property=\"og:url\" content=\"https:\/\/www.remedical.it\/poliambulatorio\/2022\/01\/28\/e-se-mi-devo-operare-per-una-patologia-al-seno\/\" \/>\n<meta property=\"og:site_name\" content=\"Poliambulatorio Remedical\" \/>\n<meta property=\"article:publisher\" content=\"https:\/\/www.facebook.com\/trepinilabgroup\" \/>\n<meta property=\"article:published_time\" content=\"2022-01-28T10:16:04+00:00\" \/>\n<meta property=\"article:modified_time\" content=\"2024-05-20T09:40:01+00:00\" \/>\n<meta property=\"og:image\" content=\"https:\/\/www.remedical.it\/poliambulatorio\/wp-content\/uploads\/2022\/01\/TUMORE-SENO-1.jpeg\" \/>\n\t<meta property=\"og:image:width\" content=\"730\" \/>\n\t<meta property=\"og:image:height\" content=\"365\" \/>\n\t<meta property=\"og:image:type\" content=\"image\/jpeg\" \/>\n<meta name=\"author\" content=\"Alex3\" \/>\n<meta name=\"twitter:card\" content=\"summary_large_image\" \/>\n<script type=\"application\/ld+json\" class=\"yoast-schema-graph\">{\"@context\":\"https:\\\/\\\/schema.org\",\"@graph\":[{\"@type\":\"Article\",\"@id\":\"https:\\\/\\\/www.remedical.it\\\/poliambulatorio\\\/2022\\\/01\\\/28\\\/e-se-mi-devo-operare-per-una-patologia-al-seno\\\/#article\",\"isPartOf\":{\"@id\":\"https:\\\/\\\/www.remedical.it\\\/poliambulatorio\\\/2022\\\/01\\\/28\\\/e-se-mi-devo-operare-per-una-patologia-al-seno\\\/\"},\"author\":{\"name\":\"Alex3\",\"@id\":\"https:\\\/\\\/www.remedical.it\\\/poliambulatorio\\\/#\\\/schema\\\/person\\\/2d08602fb8158957098512295b4fe19e\"},\"headline\":\"E se mi devo operare per una patologia al seno?\",\"datePublished\":\"2022-01-28T10:16:04+00:00\",\"dateModified\":\"2024-05-20T09:40:01+00:00\",\"mainEntityOfPage\":{\"@id\":\"https:\\\/\\\/www.remedical.it\\\/poliambulatorio\\\/2022\\\/01\\\/28\\\/e-se-mi-devo-operare-per-una-patologia-al-seno\\\/\"},\"wordCount\":430,\"publisher\":{\"@id\":\"https:\\\/\\\/www.remedical.it\\\/poliambulatorio\\\/#organization\"},\"image\":{\"@id\":\"https:\\\/\\\/www.remedical.it\\\/poliambulatorio\\\/2022\\\/01\\\/28\\\/e-se-mi-devo-operare-per-una-patologia-al-seno\\\/#primaryimage\"},\"thumbnailUrl\":\"https:\\\/\\\/www.remedical.it\\\/poliambulatorio\\\/wp-content\\\/uploads\\\/2022\\\/01\\\/TUMORE-SENO-1.jpeg\",\"articleSection\":[\"Senologia\"],\"inLanguage\":\"it-IT\"},{\"@type\":\"WebPage\",\"@id\":\"https:\\\/\\\/www.remedical.it\\\/poliambulatorio\\\/2022\\\/01\\\/28\\\/e-se-mi-devo-operare-per-una-patologia-al-seno\\\/\",\"url\":\"https:\\\/\\\/www.remedical.it\\\/poliambulatorio\\\/2022\\\/01\\\/28\\\/e-se-mi-devo-operare-per-una-patologia-al-seno\\\/\",\"name\":\"E se mi devo operare per una patologia al seno? - Poliambulatorio Remedical\",\"isPartOf\":{\"@id\":\"https:\\\/\\\/www.remedical.it\\\/poliambulatorio\\\/#website\"},\"primaryImageOfPage\":{\"@id\":\"https:\\\/\\\/www.remedical.it\\\/poliambulatorio\\\/2022\\\/01\\\/28\\\/e-se-mi-devo-operare-per-una-patologia-al-seno\\\/#primaryimage\"},\"image\":{\"@id\":\"https:\\\/\\\/www.remedical.it\\\/poliambulatorio\\\/2022\\\/01\\\/28\\\/e-se-mi-devo-operare-per-una-patologia-al-seno\\\/#primaryimage\"},\"thumbnailUrl\":\"https:\\\/\\\/www.remedical.it\\\/poliambulatorio\\\/wp-content\\\/uploads\\\/2022\\\/01\\\/TUMORE-SENO-1.jpeg\",\"datePublished\":\"2022-01-28T10:16:04+00:00\",\"dateModified\":\"2024-05-20T09:40:01+00:00\",\"breadcrumb\":{\"@id\":\"https:\\\/\\\/www.remedical.it\\\/poliambulatorio\\\/2022\\\/01\\\/28\\\/e-se-mi-devo-operare-per-una-patologia-al-seno\\\/#breadcrumb\"},\"inLanguage\":\"it-IT\",\"potentialAction\":[{\"@type\":\"ReadAction\",\"target\":[\"https:\\\/\\\/www.remedical.it\\\/poliambulatorio\\\/2022\\\/01\\\/28\\\/e-se-mi-devo-operare-per-una-patologia-al-seno\\\/\"]}]},{\"@type\":\"ImageObject\",\"inLanguage\":\"it-IT\",\"@id\":\"https:\\\/\\\/www.remedical.it\\\/poliambulatorio\\\/2022\\\/01\\\/28\\\/e-se-mi-devo-operare-per-una-patologia-al-seno\\\/#primaryimage\",\"url\":\"https:\\\/\\\/www.remedical.it\\\/poliambulatorio\\\/wp-content\\\/uploads\\\/2022\\\/01\\\/TUMORE-SENO-1.jpeg\",\"contentUrl\":\"https:\\\/\\\/www.remedical.it\\\/poliambulatorio\\\/wp-content\\\/uploads\\\/2022\\\/01\\\/TUMORE-SENO-1.jpeg\",\"width\":730,\"height\":365},{\"@type\":\"BreadcrumbList\",\"@id\":\"https:\\\/\\\/www.remedical.it\\\/poliambulatorio\\\/2022\\\/01\\\/28\\\/e-se-mi-devo-operare-per-una-patologia-al-seno\\\/#breadcrumb\",\"itemListElement\":[{\"@type\":\"ListItem\",\"position\":1,\"name\":\"Home\",\"item\":\"https:\\\/\\\/www.remedical.it\\\/poliambulatorio\\\/\"},{\"@type\":\"ListItem\",\"position\":2,\"name\":\"E se mi devo operare per una patologia al seno?\"}]},{\"@type\":\"WebSite\",\"@id\":\"https:\\\/\\\/www.remedical.it\\\/poliambulatorio\\\/#website\",\"url\":\"https:\\\/\\\/www.remedical.it\\\/poliambulatorio\\\/\",\"name\":\"Poliambulatorio Remedical - Visite mediche specialistiche\",\"description\":\"Poliambulatorio Remedical analisi cliniche visite specialistiche e radiologia a Roma sud Eur\",\"publisher\":{\"@id\":\"https:\\\/\\\/www.remedical.it\\\/poliambulatorio\\\/#organization\"},\"potentialAction\":[{\"@type\":\"SearchAction\",\"target\":{\"@type\":\"EntryPoint\",\"urlTemplate\":\"https:\\\/\\\/www.remedical.it\\\/poliambulatorio\\\/?s={search_term_string}\"},\"query-input\":{\"@type\":\"PropertyValueSpecification\",\"valueRequired\":true,\"valueName\":\"search_term_string\"}}],\"inLanguage\":\"it-IT\"},{\"@type\":\"Organization\",\"@id\":\"https:\\\/\\\/www.remedical.it\\\/poliambulatorio\\\/#organization\",\"name\":\"Poliambulatorio Remedical - Visite mediche specialistiche\",\"url\":\"https:\\\/\\\/www.remedical.it\\\/poliambulatorio\\\/\",\"logo\":{\"@type\":\"ImageObject\",\"inLanguage\":\"it-IT\",\"@id\":\"https:\\\/\\\/www.remedical.it\\\/poliambulatorio\\\/#\\\/schema\\\/logo\\\/image\\\/\",\"url\":\"https:\\\/\\\/www.remedical.it\\\/poliambulatorio\\\/wp-content\\\/uploads\\\/2026\\\/02\\\/LOGO-1-1024x683.png\",\"contentUrl\":\"https:\\\/\\\/www.remedical.it\\\/poliambulatorio\\\/wp-content\\\/uploads\\\/2026\\\/02\\\/LOGO-1-1024x683.png\",\"width\":1024,\"height\":683,\"caption\":\"Poliambulatorio Remedical - Visite mediche specialistiche\"},\"image\":{\"@id\":\"https:\\\/\\\/www.remedical.it\\\/poliambulatorio\\\/#\\\/schema\\\/logo\\\/image\\\/\"},\"sameAs\":[\"https:\\\/\\\/www.facebook.com\\\/trepinilabgroup\"]},{\"@type\":\"Person\",\"@id\":\"https:\\\/\\\/www.remedical.it\\\/poliambulatorio\\\/#\\\/schema\\\/person\\\/2d08602fb8158957098512295b4fe19e\",\"name\":\"Alex3\",\"image\":{\"@type\":\"ImageObject\",\"inLanguage\":\"it-IT\",\"@id\":\"https:\\\/\\\/secure.gravatar.com\\\/avatar\\\/a0c3e73a695239e44276eba8705363b832731f11fb097c6eb930b7945ca25ab1?s=96&d=mm&r=g\",\"url\":\"https:\\\/\\\/secure.gravatar.com\\\/avatar\\\/a0c3e73a695239e44276eba8705363b832731f11fb097c6eb930b7945ca25ab1?s=96&d=mm&r=g\",\"contentUrl\":\"https:\\\/\\\/secure.gravatar.com\\\/avatar\\\/a0c3e73a695239e44276eba8705363b832731f11fb097c6eb930b7945ca25ab1?s=96&d=mm&r=g\",\"caption\":\"Alex3\"},\"sameAs\":[\"https:\\\/\\\/www.remedical.it\\\/poliambulatorio\"]}]}<\/script>\n<!-- \/ Yoast SEO plugin. -->","yoast_head_json":{"title":"E se mi devo operare per una patologia al seno? - Poliambulatorio Remedical","robots":{"index":"index","follow":"follow","max-snippet":"max-snippet:-1","max-image-preview":"max-image-preview:large","max-video-preview":"max-video-preview:-1"},"canonical":"https:\/\/www.remedical.it\/poliambulatorio\/2022\/01\/28\/e-se-mi-devo-operare-per-una-patologia-al-seno\/","og_locale":"it_IT","og_type":"article","og_title":"E se mi devo operare per una patologia al seno? - Poliambulatorio Remedical","og_description":"Informazioni su percorsi di trattamento chirurgico e cura Nella maggioranza dei casi, le indagini diagnostiche effettuate (dalla mammografia di screening [\u2026]","og_url":"https:\/\/www.remedical.it\/poliambulatorio\/2022\/01\/28\/e-se-mi-devo-operare-per-una-patologia-al-seno\/","og_site_name":"Poliambulatorio Remedical","article_publisher":"https:\/\/www.facebook.com\/trepinilabgroup","article_published_time":"2022-01-28T10:16:04+00:00","article_modified_time":"2024-05-20T09:40:01+00:00","og_image":[{"width":730,"height":365,"url":"https:\/\/www.remedical.it\/poliambulatorio\/wp-content\/uploads\/2022\/01\/TUMORE-SENO-1.jpeg","type":"image\/jpeg"}],"author":"Alex3","twitter_card":"summary_large_image","schema":{"@context":"https:\/\/schema.org","@graph":[{"@type":"Article","@id":"https:\/\/www.remedical.it\/poliambulatorio\/2022\/01\/28\/e-se-mi-devo-operare-per-una-patologia-al-seno\/#article","isPartOf":{"@id":"https:\/\/www.remedical.it\/poliambulatorio\/2022\/01\/28\/e-se-mi-devo-operare-per-una-patologia-al-seno\/"},"author":{"name":"Alex3","@id":"https:\/\/www.remedical.it\/poliambulatorio\/#\/schema\/person\/2d08602fb8158957098512295b4fe19e"},"headline":"E se mi devo operare per una patologia al seno?","datePublished":"2022-01-28T10:16:04+00:00","dateModified":"2024-05-20T09:40:01+00:00","mainEntityOfPage":{"@id":"https:\/\/www.remedical.it\/poliambulatorio\/2022\/01\/28\/e-se-mi-devo-operare-per-una-patologia-al-seno\/"},"wordCount":430,"publisher":{"@id":"https:\/\/www.remedical.it\/poliambulatorio\/#organization"},"image":{"@id":"https:\/\/www.remedical.it\/poliambulatorio\/2022\/01\/28\/e-se-mi-devo-operare-per-una-patologia-al-seno\/#primaryimage"},"thumbnailUrl":"https:\/\/www.remedical.it\/poliambulatorio\/wp-content\/uploads\/2022\/01\/TUMORE-SENO-1.jpeg","articleSection":["Senologia"],"inLanguage":"it-IT"},{"@type":"WebPage","@id":"https:\/\/www.remedical.it\/poliambulatorio\/2022\/01\/28\/e-se-mi-devo-operare-per-una-patologia-al-seno\/","url":"https:\/\/www.remedical.it\/poliambulatorio\/2022\/01\/28\/e-se-mi-devo-operare-per-una-patologia-al-seno\/","name":"E se mi devo operare per una patologia al seno? - Poliambulatorio Remedical","isPartOf":{"@id":"https:\/\/www.remedical.it\/poliambulatorio\/#website"},"primaryImageOfPage":{"@id":"https:\/\/www.remedical.it\/poliambulatorio\/2022\/01\/28\/e-se-mi-devo-operare-per-una-patologia-al-seno\/#primaryimage"},"image":{"@id":"https:\/\/www.remedical.it\/poliambulatorio\/2022\/01\/28\/e-se-mi-devo-operare-per-una-patologia-al-seno\/#primaryimage"},"thumbnailUrl":"https:\/\/www.remedical.it\/poliambulatorio\/wp-content\/uploads\/2022\/01\/TUMORE-SENO-1.jpeg","datePublished":"2022-01-28T10:16:04+00:00","dateModified":"2024-05-20T09:40:01+00:00","breadcrumb":{"@id":"https:\/\/www.remedical.it\/poliambulatorio\/2022\/01\/28\/e-se-mi-devo-operare-per-una-patologia-al-seno\/#breadcrumb"},"inLanguage":"it-IT","potentialAction":[{"@type":"ReadAction","target":["https:\/\/www.remedical.it\/poliambulatorio\/2022\/01\/28\/e-se-mi-devo-operare-per-una-patologia-al-seno\/"]}]},{"@type":"ImageObject","inLanguage":"it-IT","@id":"https:\/\/www.remedical.it\/poliambulatorio\/2022\/01\/28\/e-se-mi-devo-operare-per-una-patologia-al-seno\/#primaryimage","url":"https:\/\/www.remedical.it\/poliambulatorio\/wp-content\/uploads\/2022\/01\/TUMORE-SENO-1.jpeg","contentUrl":"https:\/\/www.remedical.it\/poliambulatorio\/wp-content\/uploads\/2022\/01\/TUMORE-SENO-1.jpeg","width":730,"height":365},{"@type":"BreadcrumbList","@id":"https:\/\/www.remedical.it\/poliambulatorio\/2022\/01\/28\/e-se-mi-devo-operare-per-una-patologia-al-seno\/#breadcrumb","itemListElement":[{"@type":"ListItem","position":1,"name":"Home","item":"https:\/\/www.remedical.it\/poliambulatorio\/"},{"@type":"ListItem","position":2,"name":"E se mi devo operare per una patologia al seno?"}]},{"@type":"WebSite","@id":"https:\/\/www.remedical.it\/poliambulatorio\/#website","url":"https:\/\/www.remedical.it\/poliambulatorio\/","name":"Poliambulatorio Remedical - Visite mediche specialistiche","description":"Poliambulatorio Remedical analisi cliniche visite specialistiche e radiologia a Roma sud Eur","publisher":{"@id":"https:\/\/www.remedical.it\/poliambulatorio\/#organization"},"potentialAction":[{"@type":"SearchAction","target":{"@type":"EntryPoint","urlTemplate":"https:\/\/www.remedical.it\/poliambulatorio\/?s={search_term_string}"},"query-input":{"@type":"PropertyValueSpecification","valueRequired":true,"valueName":"search_term_string"}}],"inLanguage":"it-IT"},{"@type":"Organization","@id":"https:\/\/www.remedical.it\/poliambulatorio\/#organization","name":"Poliambulatorio Remedical - Visite mediche specialistiche","url":"https:\/\/www.remedical.it\/poliambulatorio\/","logo":{"@type":"ImageObject","inLanguage":"it-IT","@id":"https:\/\/www.remedical.it\/poliambulatorio\/#\/schema\/logo\/image\/","url":"https:\/\/www.remedical.it\/poliambulatorio\/wp-content\/uploads\/2026\/02\/LOGO-1-1024x683.png","contentUrl":"https:\/\/www.remedical.it\/poliambulatorio\/wp-content\/uploads\/2026\/02\/LOGO-1-1024x683.png","width":1024,"height":683,"caption":"Poliambulatorio Remedical - Visite mediche specialistiche"},"image":{"@id":"https:\/\/www.remedical.it\/poliambulatorio\/#\/schema\/logo\/image\/"},"sameAs":["https:\/\/www.facebook.com\/trepinilabgroup"]},{"@type":"Person","@id":"https:\/\/www.remedical.it\/poliambulatorio\/#\/schema\/person\/2d08602fb8158957098512295b4fe19e","name":"Alex3","image":{"@type":"ImageObject","inLanguage":"it-IT","@id":"https:\/\/secure.gravatar.com\/avatar\/a0c3e73a695239e44276eba8705363b832731f11fb097c6eb930b7945ca25ab1?s=96&d=mm&r=g","url":"https:\/\/secure.gravatar.com\/avatar\/a0c3e73a695239e44276eba8705363b832731f11fb097c6eb930b7945ca25ab1?s=96&d=mm&r=g","contentUrl":"https:\/\/secure.gravatar.com\/avatar\/a0c3e73a695239e44276eba8705363b832731f11fb097c6eb930b7945ca25ab1?s=96&d=mm&r=g","caption":"Alex3"},"sameAs":["https:\/\/www.remedical.it\/poliambulatorio"]}]}},"publishpress_future_action":{"enabled":false,"date":"2026-09-07 11:30:11","action":"change-status","newStatus":"draft","terms":[],"taxonomy":"category","extraData":[]},"publishpress_future_workflow_manual_trigger":{"enabledWorkflows":[]},"_links":{"self":[{"href":"https:\/\/www.remedical.it\/poliambulatorio\/wp-json\/wp\/v2\/posts\/749","targetHints":{"allow":["GET"]}}],"collection":[{"href":"https:\/\/www.remedical.it\/poliambulatorio\/wp-json\/wp\/v2\/posts"}],"about":[{"href":"https:\/\/www.remedical.it\/poliambulatorio\/wp-json\/wp\/v2\/types\/post"}],"author":[{"embeddable":true,"href":"https:\/\/www.remedical.it\/poliambulatorio\/wp-json\/wp\/v2\/users\/1"}],"replies":[{"embeddable":true,"href":"https:\/\/www.remedical.it\/poliambulatorio\/wp-json\/wp\/v2\/comments?post=749"}],"version-history":[{"count":0,"href":"https:\/\/www.remedical.it\/poliambulatorio\/wp-json\/wp\/v2\/posts\/749\/revisions"}],"wp:featuredmedia":[{"embeddable":true,"href":"https:\/\/www.remedical.it\/poliambulatorio\/wp-json\/wp\/v2\/media\/750"}],"wp:attachment":[{"href":"https:\/\/www.remedical.it\/poliambulatorio\/wp-json\/wp\/v2\/media?parent=749"}],"wp:term":[{"taxonomy":"category","embeddable":true,"href":"https:\/\/www.remedical.it\/poliambulatorio\/wp-json\/wp\/v2\/categories?post=749"},{"taxonomy":"post_tag","embeddable":true,"href":"https:\/\/www.remedical.it\/poliambulatorio\/wp-json\/wp\/v2\/tags?post=749"}],"curies":[{"name":"wp","href":"https:\/\/api.w.org\/{rel}","templated":true}]}}